{"id":72,"date":"2011-05-15T13:08:37","date_gmt":"2011-05-15T17:08:37","guid":{"rendered":"http:\/\/paloquemado.gob.ec\/cotopaxi\/?p=72"},"modified":"2011-05-15T13:08:37","modified_gmt":"2011-05-15T17:08:37","slug":"situacion-geografica","status":"publish","type":"post","link":"https:\/\/paloquemado.gob.ec\/cotopaxi\/situacion-geografica\/","title":{"rendered":"Situaci\u00f3n Geogr\u00e1fica"},"content":{"rendered":"<div style=\"overflow: auto; height: 625px;\">\n<p style=\"text-align: center;\"><span style=\"text-decoration: underline;\"><strong>SITUACI\u00d3N GEOGR\u00c1FICA DE LA PARROQUIA \u00abPALO QUEMADO\u00bb<\/strong><\/span><\/p>\n<p style=\"text-align: justify;\">Esta parroquia se encuentra asentada en las riberas del R\u00edo Toachi que nace desde la Parroquia Chugchil\u00e1n en la laguna del Quilotoa en la zona del subtr\u00f3pico del Cant\u00f3n Sigchos a 45 minutos de la ciudad de Santo Domingo de los Colorados.&nbsp;<\/p>\n<p style=\"text-align: justify;\"><span> Cuenta con una superficie territorial de 12.780 hect\u00e1reas, a altura sobre el nivel del mar que var\u00eda entre las zonas bajas y altas de 990 a 1.270 msnm. Pol\u00edticamente pertenece al Cant\u00f3n Sigchos Provincia de Cotopaxi y tambi\u00e9n forma parte de la cordillera de Sigse.<\/p>\n<p> Sus <strong>l\u00edmites<\/strong> son: <\/span><\/p>\n<p style=\"text-align: justify;\"><span>Al Norte Sigse.<\/span><\/p>\n<p style=\"text-align: justify;\"><span>AL Sur la Quebrada del Muerto y las Ca\u00eddas de Atahualpa.<\/span><\/p>\n<p style=\"text-align: justify;\"><span>Al Oeste los R\u00edos Sarapullo y el Toachi<\/span><\/p>\n<p style=\"text-align: justify;\"><span>Al Este el R\u00edo Cristal.<\/span><\/p>\n<p style=\"text-align: center;\"><iframe loading=\"lazy\" width=\"500\" height=\"425\" frameborder=\"0\" scrolling=\"no\" marginheight=\"0\" marginwidth=\"0\" src=\"http:\/\/maps.google.es\/maps?q=-0.356367,-78.922462&amp;num=1&amp;vpsrc=6&amp;sll=-0.332335,-78.839264&amp;sspn=0.350183,0.441513&amp;ie=UTF8&amp;ll=-0.322035,-78.828278&amp;spn=0.350182,0.441513&amp;t=m&amp;z=11&amp;output=embed\"><\/iframe><br \/><small><a href=\"http:\/\/maps.google.es\/maps?q=-0.356367,-78.922462&amp;num=1&amp;vpsrc=6&amp;sll=-0.332335,-78.839264&amp;sspn=0.350183,0.441513&amp;ie=UTF8&amp;ll=-0.322035,-78.828278&amp;spn=0.350182,0.441513&amp;t=m&amp;z=11&amp;source=embed\" style=\"color:#0000FF;text-align:left\">Ver mapa m\u00e1s grande<\/a><\/small><\/p>\n<\/p><\/div>\n","protected":false},"excerpt":{"rendered":"<p>SITUACI\u00d3N GEOGR\u00c1FICA DE LA PARROQUIA \u00abPALO QUEMADO\u00bb Esta parroquia se encuentra asentada en las riberas del R\u00edo Toachi que nace desde la Parroquia Chugchil\u00e1n en la laguna del Quilotoa en la zona del subtr\u00f3pico del Cant\u00f3n Sigchos a 45 minutos de la ciudad de Santo Domingo de los Colorados.&nbsp; Cuenta con una superficie territorial de [&hellip;]<\/p>\n","protected":false},"author":1,"featured_media":0,"comment_status":"closed","ping_status":"closed","sticky":false,"template":"","format":"standard","meta":{"footnotes":""},"categories":[1],"tags":[],"class_list":["post-72","post","type-post","status-publish","format-standard","hentry","category-sin-categoria"],"yoast_head":"<!-- This site is optimized with the Yoast SEO plugin v24.2 - https:\/\/yoast.com\/wordpress\/plugins\/seo\/ -->\n<title>Situaci\u00f3n Geogr\u00e1fica - GAD parroquial Palo Quemado<\/title>\n<meta name=\"robots\" content=\"index, follow, max-snippet:-1, max-image-preview:large, max-video-preview:-1\" \/>\n<link rel=\"canonical\" href=\"https:\/\/paloquemado.gob.ec\/cotopaxi\/situacion-geografica\/\" \/>\n<meta property=\"og:locale\" content=\"es_ES\" \/>\n<meta property=\"og:type\" content=\"article\" \/>\n<meta property=\"og:title\" content=\"Situaci\u00f3n Geogr\u00e1fica - GAD parroquial Palo Quemado\" \/>\n<meta property=\"og:description\" content=\"SITUACI\u00d3N GEOGR\u00c1FICA DE LA PARROQUIA \u00abPALO QUEMADO\u00bb Esta parroquia se encuentra asentada en las riberas del R\u00edo Toachi que nace desde la Parroquia Chugchil\u00e1n en la laguna del Quilotoa en la zona del subtr\u00f3pico del Cant\u00f3n Sigchos a 45 minutos de la ciudad de Santo Domingo de los Colorados.&nbsp; Cuenta con una superficie territorial de [&hellip;]\" \/>\n<meta property=\"og:url\" content=\"https:\/\/paloquemado.gob.ec\/cotopaxi\/situacion-geografica\/\" \/>\n<meta property=\"og:site_name\" content=\"GAD parroquial Palo Quemado\" \/>\n<meta property=\"article:published_time\" content=\"2011-05-15T17:08:37+00:00\" \/>\n<meta property=\"og:image\" content=\"https:\/\/paloquemado.gob.ec\/cotopaxi\/wp-content\/uploads\/2023\/10\/logoFooter-large.png\" \/>\n\t<meta property=\"og:image:width\" content=\"160\" \/>\n\t<meta property=\"og:image:height\" content=\"156\" \/>\n\t<meta property=\"og:image:type\" content=\"image\/png\" \/>\n<meta name=\"author\" content=\"paloquemado01\" \/>\n<meta name=\"twitter:card\" content=\"summary_large_image\" \/>\n<meta name=\"twitter:label1\" content=\"Escrito por\" \/>\n\t<meta name=\"twitter:data1\" content=\"paloquemado01\" \/>\n\t<meta name=\"twitter:label2\" content=\"Tiempo de lectura\" \/>\n\t<meta name=\"twitter:data2\" content=\"1 minuto\" \/>\n<script type=\"application\/ld+json\" class=\"yoast-schema-graph\">{\"@context\":\"https:\/\/schema.org\",\"@graph\":[{\"@type\":\"Article\",\"@id\":\"https:\/\/paloquemado.gob.ec\/cotopaxi\/situacion-geografica\/#article\",\"isPartOf\":{\"@id\":\"https:\/\/paloquemado.gob.ec\/cotopaxi\/situacion-geografica\/\"},\"author\":{\"name\":\"paloquemado01\",\"@id\":\"https:\/\/paloquemado.gob.ec\/cotopaxi\/#\/schema\/person\/714cb3026d24b00a0f97df46d158d6d8\"},\"headline\":\"Situaci\u00f3n Geogr\u00e1fica\",\"datePublished\":\"2011-05-15T17:08:37+00:00\",\"dateModified\":\"2011-05-15T17:08:37+00:00\",\"mainEntityOfPage\":{\"@id\":\"https:\/\/paloquemado.gob.ec\/cotopaxi\/situacion-geografica\/\"},\"wordCount\":145,\"publisher\":{\"@id\":\"https:\/\/paloquemado.gob.ec\/cotopaxi\/#organization\"},\"inLanguage\":\"es\"},{\"@type\":\"WebPage\",\"@id\":\"https:\/\/paloquemado.gob.ec\/cotopaxi\/situacion-geografica\/\",\"url\":\"https:\/\/paloquemado.gob.ec\/cotopaxi\/situacion-geografica\/\",\"name\":\"Situaci\u00f3n Geogr\u00e1fica - GAD parroquial Palo Quemado\",\"isPartOf\":{\"@id\":\"https:\/\/paloquemado.gob.ec\/cotopaxi\/#website\"},\"datePublished\":\"2011-05-15T17:08:37+00:00\",\"dateModified\":\"2011-05-15T17:08:37+00:00\",\"breadcrumb\":{\"@id\":\"https:\/\/paloquemado.gob.ec\/cotopaxi\/situacion-geografica\/#breadcrumb\"},\"inLanguage\":\"es\",\"potentialAction\":[{\"@type\":\"ReadAction\",\"target\":[\"https:\/\/paloquemado.gob.ec\/cotopaxi\/situacion-geografica\/\"]}]},{\"@type\":\"BreadcrumbList\",\"@id\":\"https:\/\/paloquemado.gob.ec\/cotopaxi\/situacion-geografica\/#breadcrumb\",\"itemListElement\":[{\"@type\":\"ListItem\",\"position\":1,\"name\":\"Home\",\"item\":\"https:\/\/paloquemado.gob.ec\/cotopaxi\/\"},{\"@type\":\"ListItem\",\"position\":2,\"name\":\"Situaci\u00f3n Geogr\u00e1fica\"}]},{\"@type\":\"WebSite\",\"@id\":\"https:\/\/paloquemado.gob.ec\/cotopaxi\/#website\",\"url\":\"https:\/\/paloquemado.gob.ec\/cotopaxi\/\",\"name\":\"GAD Parroquial de Palo Quemado\",\"description\":\"Sitio Oficial del GAD Parroquial de Palo Quemado Cotopaxi\",\"publisher\":{\"@id\":\"https:\/\/paloquemado.gob.ec\/cotopaxi\/#organization\"},\"potentialAction\":[{\"@type\":\"SearchAction\",\"target\":{\"@type\":\"EntryPoint\",\"urlTemplate\":\"https:\/\/paloquemado.gob.ec\/cotopaxi\/?s={search_term_string}\"},\"query-input\":{\"@type\":\"PropertyValueSpecification\",\"valueRequired\":true,\"valueName\":\"search_term_string\"}}],\"inLanguage\":\"es\"},{\"@type\":\"Organization\",\"@id\":\"https:\/\/paloquemado.gob.ec\/cotopaxi\/#organization\",\"name\":\"GAD Parroquial de Palo Quemado\",\"url\":\"https:\/\/paloquemado.gob.ec\/cotopaxi\/\",\"logo\":{\"@type\":\"ImageObject\",\"inLanguage\":\"es\",\"@id\":\"https:\/\/paloquemado.gob.ec\/cotopaxi\/#\/schema\/logo\/image\/\",\"url\":\"https:\/\/paloquemado.gob.ec\/cotopaxi\/wp-content\/uploads\/2020\/06\/logoFooter.png\",\"contentUrl\":\"https:\/\/paloquemado.gob.ec\/cotopaxi\/wp-content\/uploads\/2020\/06\/logoFooter.png\",\"width\":160,\"height\":156,\"caption\":\"GAD Parroquial de Palo Quemado\"},\"image\":{\"@id\":\"https:\/\/paloquemado.gob.ec\/cotopaxi\/#\/schema\/logo\/image\/\"}},{\"@type\":\"Person\",\"@id\":\"https:\/\/paloquemado.gob.ec\/cotopaxi\/#\/schema\/person\/714cb3026d24b00a0f97df46d158d6d8\",\"name\":\"paloquemado01\",\"image\":{\"@type\":\"ImageObject\",\"inLanguage\":\"es\",\"@id\":\"https:\/\/paloquemado.gob.ec\/cotopaxi\/#\/schema\/person\/image\/\",\"url\":\"https:\/\/secure.gravatar.com\/avatar\/a811dc138d0a6f5942e479cd350a123c?s=96&d=mm&r=g\",\"contentUrl\":\"https:\/\/secure.gravatar.com\/avatar\/a811dc138d0a6f5942e479cd350a123c?s=96&d=mm&r=g\",\"caption\":\"paloquemado01\"},\"url\":\"https:\/\/paloquemado.gob.ec\/cotopaxi\/author\/paloquemado01\/\"}]}<\/script>\n<!-- \/ Yoast SEO plugin. -->","yoast_head_json":{"title":"Situaci\u00f3n Geogr\u00e1fica - GAD parroquial Palo Quemado","robots":{"index":"index","follow":"follow","max-snippet":"max-snippet:-1","max-image-preview":"max-image-preview:large","max-video-preview":"max-video-preview:-1"},"canonical":"https:\/\/paloquemado.gob.ec\/cotopaxi\/situacion-geografica\/","og_locale":"es_ES","og_type":"article","og_title":"Situaci\u00f3n Geogr\u00e1fica - GAD parroquial Palo Quemado","og_description":"SITUACI\u00d3N GEOGR\u00c1FICA DE LA PARROQUIA \u00abPALO QUEMADO\u00bb Esta parroquia se encuentra asentada en las riberas del R\u00edo Toachi que nace desde la Parroquia Chugchil\u00e1n en la laguna del Quilotoa en la zona del subtr\u00f3pico del Cant\u00f3n Sigchos a 45 minutos de la ciudad de Santo Domingo de los Colorados.&nbsp; Cuenta con una superficie territorial de [&hellip;]","og_url":"https:\/\/paloquemado.gob.ec\/cotopaxi\/situacion-geografica\/","og_site_name":"GAD parroquial Palo Quemado","article_published_time":"2011-05-15T17:08:37+00:00","og_image":[{"width":160,"height":156,"url":"https:\/\/paloquemado.gob.ec\/cotopaxi\/wp-content\/uploads\/2023\/10\/logoFooter-large.png","type":"image\/png"}],"author":"paloquemado01","twitter_card":"summary_large_image","twitter_misc":{"Escrito por":"paloquemado01","Tiempo de lectura":"1 minuto"},"schema":{"@context":"https:\/\/schema.org","@graph":[{"@type":"Article","@id":"https:\/\/paloquemado.gob.ec\/cotopaxi\/situacion-geografica\/#article","isPartOf":{"@id":"https:\/\/paloquemado.gob.ec\/cotopaxi\/situacion-geografica\/"},"author":{"name":"paloquemado01","@id":"https:\/\/paloquemado.gob.ec\/cotopaxi\/#\/schema\/person\/714cb3026d24b00a0f97df46d158d6d8"},"headline":"Situaci\u00f3n Geogr\u00e1fica","datePublished":"2011-05-15T17:08:37+00:00","dateModified":"2011-05-15T17:08:37+00:00","mainEntityOfPage":{"@id":"https:\/\/paloquemado.gob.ec\/cotopaxi\/situacion-geografica\/"},"wordCount":145,"publisher":{"@id":"https:\/\/paloquemado.gob.ec\/cotopaxi\/#organization"},"inLanguage":"es"},{"@type":"WebPage","@id":"https:\/\/paloquemado.gob.ec\/cotopaxi\/situacion-geografica\/","url":"https:\/\/paloquemado.gob.ec\/cotopaxi\/situacion-geografica\/","name":"Situaci\u00f3n Geogr\u00e1fica - GAD parroquial Palo Quemado","isPartOf":{"@id":"https:\/\/paloquemado.gob.ec\/cotopaxi\/#website"},"datePublished":"2011-05-15T17:08:37+00:00","dateModified":"2011-05-15T17:08:37+00:00","breadcrumb":{"@id":"https:\/\/paloquemado.gob.ec\/cotopaxi\/situacion-geografica\/#breadcrumb"},"inLanguage":"es","potentialAction":[{"@type":"ReadAction","target":["https:\/\/paloquemado.gob.ec\/cotopaxi\/situacion-geografica\/"]}]},{"@type":"BreadcrumbList","@id":"https:\/\/paloquemado.gob.ec\/cotopaxi\/situacion-geografica\/#breadcrumb","itemListElement":[{"@type":"ListItem","position":1,"name":"Home","item":"https:\/\/paloquemado.gob.ec\/cotopaxi\/"},{"@type":"ListItem","position":2,"name":"Situaci\u00f3n Geogr\u00e1fica"}]},{"@type":"WebSite","@id":"https:\/\/paloquemado.gob.ec\/cotopaxi\/#website","url":"https:\/\/paloquemado.gob.ec\/cotopaxi\/","name":"GAD Parroquial de Palo Quemado","description":"Sitio Oficial del GAD Parroquial de Palo Quemado Cotopaxi","publisher":{"@id":"https:\/\/paloquemado.gob.ec\/cotopaxi\/#organization"},"potentialAction":[{"@type":"SearchAction","target":{"@type":"EntryPoint","urlTemplate":"https:\/\/paloquemado.gob.ec\/cotopaxi\/?s={search_term_string}"},"query-input":{"@type":"PropertyValueSpecification","valueRequired":true,"valueName":"search_term_string"}}],"inLanguage":"es"},{"@type":"Organization","@id":"https:\/\/paloquemado.gob.ec\/cotopaxi\/#organization","name":"GAD Parroquial de Palo Quemado","url":"https:\/\/paloquemado.gob.ec\/cotopaxi\/","logo":{"@type":"ImageObject","inLanguage":"es","@id":"https:\/\/paloquemado.gob.ec\/cotopaxi\/#\/schema\/logo\/image\/","url":"https:\/\/paloquemado.gob.ec\/cotopaxi\/wp-content\/uploads\/2020\/06\/logoFooter.png","contentUrl":"https:\/\/paloquemado.gob.ec\/cotopaxi\/wp-content\/uploads\/2020\/06\/logoFooter.png","width":160,"height":156,"caption":"GAD Parroquial de Palo Quemado"},"image":{"@id":"https:\/\/paloquemado.gob.ec\/cotopaxi\/#\/schema\/logo\/image\/"}},{"@type":"Person","@id":"https:\/\/paloquemado.gob.ec\/cotopaxi\/#\/schema\/person\/714cb3026d24b00a0f97df46d158d6d8","name":"paloquemado01","image":{"@type":"ImageObject","inLanguage":"es","@id":"https:\/\/paloquemado.gob.ec\/cotopaxi\/#\/schema\/person\/image\/","url":"https:\/\/secure.gravatar.com\/avatar\/a811dc138d0a6f5942e479cd350a123c?s=96&d=mm&r=g","contentUrl":"https:\/\/secure.gravatar.com\/avatar\/a811dc138d0a6f5942e479cd350a123c?s=96&d=mm&r=g","caption":"paloquemado01"},"url":"https:\/\/paloquemado.gob.ec\/cotopaxi\/author\/paloquemado01\/"}]}},"_links":{"self":[{"href":"https:\/\/paloquemado.gob.ec\/cotopaxi\/wp-json\/wp\/v2\/posts\/72","targetHints":{"allow":["GET"]}}],"collection":[{"href":"https:\/\/paloquemado.gob.ec\/cotopaxi\/wp-json\/wp\/v2\/posts"}],"about":[{"href":"https:\/\/paloquemado.gob.ec\/cotopaxi\/wp-json\/wp\/v2\/types\/post"}],"author":[{"embeddable":true,"href":"https:\/\/paloquemado.gob.ec\/cotopaxi\/wp-json\/wp\/v2\/users\/1"}],"replies":[{"embeddable":true,"href":"https:\/\/paloquemado.gob.ec\/cotopaxi\/wp-json\/wp\/v2\/comments?post=72"}],"version-history":[{"count":0,"href":"https:\/\/paloquemado.gob.ec\/cotopaxi\/wp-json\/wp\/v2\/posts\/72\/revisions"}],"wp:attachment":[{"href":"https:\/\/paloquemado.gob.ec\/cotopaxi\/wp-json\/wp\/v2\/media?parent=72"}],"wp:term":[{"taxonomy":"category","embeddable":true,"href":"https:\/\/paloquemado.gob.ec\/cotopaxi\/wp-json\/wp\/v2\/categories?post=72"},{"taxonomy":"post_tag","embeddable":true,"href":"https:\/\/paloquemado.gob.ec\/cotopaxi\/wp-json\/wp\/v2\/tags?post=72"}],"curies":[{"name":"wp","href":"https:\/\/api.w.org\/{rel}","templated":true}]}}